{"id":1944,"date":"2018-12-21T21:24:50","date_gmt":"2018-12-21T19:24:50","guid":{"rendered":"https:\/\/7aufweltreise.de\/?p=1944"},"modified":"2019-06-10T04:08:36","modified_gmt":"2019-06-10T02:08:36","slug":"los-angeles-2-tag-des-weltbilds","status":"publish","type":"post","link":"https:\/\/7aufweltreise.de\/index.php\/2018\/12\/21\/los-angeles-2-tag-des-weltbilds\/","title":{"rendered":"Los Angeles #2 &#8211; Tag des Weltbilds"},"content":{"rendered":"<p>Manche Tage beginnen schon verkorkst, weil irgendeiner mit dem falschen Bein aus dem Schlafsack gestiegen ist und gehen dann grad so weiter. So einen hatten wir neulich.<\/p>\n<p>Er startete damit, dass Livius und ich dar\u00fcber philosophierten, was denn nun das Besondere am Adventskalender ist. Es war geschehen, dass Livius meine aufgeh\u00e4ngten T\u00fctchen einfach abgeh\u00e4ngt und seinen Br\u00fcdern ins Zelt getragen hat. Vermutlich wollte er tauschen und nicht warten, bis die anderen nach unten geklettert waren. Ich war ziemlich sauer deswegen, weil ich finde, dass der Moment des Entdeckens, Abh\u00e4ngens, und \u00d6ffnens des T\u00fctchens was Besonderes ist, was er seinen Br\u00fcdern nun genommen hatte. F\u00fcr ihn war das eher ganz pragmatisch &#8211; T\u00fcte, Schokolade, fertig. Frau &#8211; Mann? Mutter &#8211; Sohn? Franzi &#8211; Livius? Wer wei\u00df&#8230;<\/p>\n<p>Weiter ging es damit, dass wir dar\u00fcber diskutierten, warum die Aufgaben, die jeder f\u00fcr die Gemeinschaft \u00fcbernommen hat auch dann erledigt werden m\u00fcssen, wenn man mal keine Lust hat. Loris ist grad unser Profi im Ausreden finden, aussitzen und Diskutieren bis die Ohren klingeln. Und leider ist er echt gut darin. Puh.<\/p>\n<p>Anschlie\u00dfend ging es mit Livi weiter, der so gar nicht nachvollziehen konnte, dass er im Auto keine Steine abschleifen darf. Okay, der Stein war klein und der Abrieb vielleicht nicht immens, aber, das Auto ist keine Werkstatt und meine Nerven auch schon etwas abgerieben zu dem Zeitpunkt.<\/p>\n<p>Als wir dann sp\u00e4ter durch Chinatown liefen, hatten wir eine eindrucksvolle Begegnung mit einem \u00e4lteren Herrn. Es begann damit, dass er unseren Kindern eine Kugel Eis spendierte, einfach so. Wir bedankten uns und kamen mit chinesisch-deutsch-akzentuiertem Englisch ein bisschen ins Gespr\u00e4ch. Dabei wandte er sich aus tiefem Herzen und ganz ohne Pathos mit der Bitte an die Kinder, die Welt zu einem guten Ort zu machen. Er sei zu alt dazu. Dann verriet er uns noch, dass wir seine Geschichte im Internet lesen k\u00f6nnen, ein Journalist hatte ihn interviewt. Das taten wir und stellten fest, dass wir einem unscheinbaren Menschen begegnet waren, der viel zu sagen hatte. Jimmy Wong wird uns mit seiner Bitte im Ged\u00e4chtnis bleiben und wir waren froh, wenigstens ein Foto mit ihm gemacht zu haben.<\/p>\n<p><a href=\"https:\/\/7aufweltreise.de\/dsc_5313\/\"><img decoding=\"async\" loading=\"lazy\" src=\"https:\/\/7aufweltreise.de\/wp-content\/uploads\/2018\/12\/DSC_5313-400x266.jpg\" class=\"size-medium alignnone wp-image-1985\" width=\"400\" height=\"266\" alt=\"\" srcset=\"https:\/\/7aufweltreise.de\/wp-content\/uploads\/2018\/12\/DSC_5313-400x266.jpg 400w, https:\/\/7aufweltreise.de\/wp-content\/uploads\/2018\/12\/DSC_5313-768x510.jpg 768w, https:\/\/7aufweltreise.de\/wp-content\/uploads\/2018\/12\/DSC_5313-1536x1020.jpg 1536w\" sizes=\"(max-width: 400px) 100vw, 400px\" \/><\/a><\/p>\n<p>Wer mag, hier ist der Artikel: <a href=\"https:\/\/www.latimes.com\/local\/california\/la-me-lopez-wong-20180131-story.html\">https:\/\/www.latimes.com\/local\/california\/la-me-lopez-wong-20180131-story.html<\/a><\/p>\n<p>Anschlie\u00dflie\u00dfend f\u00fchrten wir eine sehr emotionale Diskussion \u00fcber die Rettung kleiner Wasserschildkr\u00f6ten. Diese wurden in kleinen Plastikboxen zu je zwei St\u00fcck f\u00fcr sieben Dollar in s\u00e4mtlichen Souvenirshops in Chinatown verkauft. Die Kinder waren au\u00dfer sich und h\u00e4tten am liebsten alle gekauft und mit der Welt(fauna)rettung umgehend begonnen. Doch was w\u00e4re aus den Schildkr\u00f6ten in unserem Auto geworden und d\u00fcrfen sie \u00fcberhaupt ins Flugzeug? Oder k\u00f6nnen wir sie freilassen?Und l\u00e4sst sich ihre Art \u00fcberhaupt retten, wenn wir mit unserem Kauf doch den Absatz ankurbeln? Kleine Schildkr\u00f6te &#8211; globale Diskussion&#8230;<\/p>\n<p><img decoding=\"async\" src=\"https:\/\/7aufweltreise.de\/wp-content\/uploads\/2018\/12\/DSC_5316.jpg\" class=\"size-full\"><img decoding=\"async\" src=\"https:\/\/7aufweltreise.de\/wp-content\/uploads\/2018\/12\/DSC_5320.jpg\" class=\"size-full\"><img decoding=\"async\" src=\"https:\/\/7aufweltreise.de\/wp-content\/uploads\/2018\/12\/DSC_5323.jpg\" class=\"size-full\"><img decoding=\"async\" src=\"https:\/\/7aufweltreise.de\/wp-content\/uploads\/2018\/12\/DSC_5324.jpg\" class=\"size-full\"><\/p>\n<p>Sp\u00e4ter waren wir dann noch auf einem Spielplatz in einem Park. Irgendwann fuhr ein Polizeiauto vor und lie\u00df zwei junge M\u00e4nner mitsamt ihrem Hab und Gut raus. Es schien, als h\u00e4tten die Polizisten sie &#8222;nach Hause&#8220; gebracht, in den Park. Als wir dann wieder ins Auto stiegen, spielte einer der beiden mit einem kleinen Jungen Basketball und beide wirkten total gl\u00fccklich dabei. Das Bild passte nicht in die Schublade, die ich vorher aufgezogen hatte und wieder einmal bin ich \u00fcber mich selbst gestolpert&#8230;<\/p>\n","protected":false},"excerpt":{"rendered":"<p>Manche Tage beginnen schon verkorkst, weil irgendeiner mit dem falschen Bein aus dem Schlafsack gestiegen ist und gehen dann grad so weiter. So einen hatten wir neulich. Er startete damit, dass Livius und ich dar\u00fcber philosophierten, was denn nun das<\/p>\n","protected":false},"author":2,"featured_media":1988,"comment_status":"open","ping_status":"open","sticky":false,"template":"","format":"standard","meta":[],"categories":[1],"tags":[14,23,22],"yoast_head":"<!-- This site is optimized with the Yoast SEO plugin v20.13 - https:\/\/yoast.com\/wordpress\/plugins\/seo\/ -->\n<title>Los Angeles #2 - Tag des Weltbilds - 7 auf Weltreise<\/title>\n<meta name=\"robots\" content=\"index, follow, max-snippet:-1, max-image-preview:large, max-video-preview:-1\" \/>\n<link rel=\"canonical\" href=\"https:\/\/7aufweltreise.de\/index.php\/2018\/12\/21\/los-angeles-2-tag-des-weltbilds\/\" \/>\n<meta property=\"og:locale\" content=\"de_DE\" \/>\n<meta property=\"og:type\" content=\"article\" \/>\n<meta property=\"og:title\" content=\"Los Angeles #2 - Tag des Weltbilds - 7 auf Weltreise\" \/>\n<meta property=\"og:description\" content=\"Manche Tage beginnen schon verkorkst, weil irgendeiner mit dem falschen Bein aus dem Schlafsack gestiegen ist und gehen dann grad so weiter. So einen hatten wir neulich. Er startete damit, dass Livius und ich dar\u00fcber philosophierten, was denn nun das\" \/>\n<meta property=\"og:url\" content=\"https:\/\/7aufweltreise.de\/index.php\/2018\/12\/21\/los-angeles-2-tag-des-weltbilds\/\" \/>\n<meta property=\"og:site_name\" content=\"7 auf Weltreise\" \/>\n<meta property=\"article:publisher\" content=\"https:\/\/www.facebook.com\/7aufweltreise.de\/\" \/>\n<meta property=\"article:published_time\" content=\"2018-12-21T19:24:50+00:00\" \/>\n<meta property=\"article:modified_time\" content=\"2019-06-10T02:08:36+00:00\" \/>\n<meta property=\"og:image\" content=\"https:\/\/7aufweltreise.de\/wp-content\/uploads\/2018\/12\/img_2233-e1545291377512.jpg\" \/>\n\t<meta property=\"og:image:width\" content=\"3024\" \/>\n\t<meta property=\"og:image:height\" content=\"4032\" \/>\n\t<meta property=\"og:image:type\" content=\"image\/jpeg\" \/>\n<meta name=\"author\" content=\"Franzi\" \/>\n<meta name=\"twitter:card\" content=\"summary_large_image\" \/>\n<meta name=\"twitter:label1\" content=\"Verfasst von\" \/>\n\t<meta name=\"twitter:data1\" content=\"Franzi\" \/>\n\t<meta name=\"twitter:label2\" content=\"Gesch\u00e4tzte Lesezeit\" \/>\n\t<meta name=\"twitter:data2\" content=\"3\u00a0Minuten\" \/>\n<script type=\"application\/ld+json\" class=\"yoast-schema-graph\">{\"@context\":\"https:\/\/schema.org\",\"@graph\":[{\"@type\":\"WebPage\",\"@id\":\"https:\/\/7aufweltreise.de\/index.php\/2018\/12\/21\/los-angeles-2-tag-des-weltbilds\/\",\"url\":\"https:\/\/7aufweltreise.de\/index.php\/2018\/12\/21\/los-angeles-2-tag-des-weltbilds\/\",\"name\":\"Los Angeles #2 - Tag des Weltbilds - 7 auf Weltreise\",\"isPartOf\":{\"@id\":\"https:\/\/7aufweltreise.de\/#website\"},\"datePublished\":\"2018-12-21T19:24:50+00:00\",\"dateModified\":\"2019-06-10T02:08:36+00:00\",\"author\":{\"@id\":\"https:\/\/7aufweltreise.de\/#\/schema\/person\/612b2e6e2b658c3d53fb3a7f2e5fad07\"},\"breadcrumb\":{\"@id\":\"https:\/\/7aufweltreise.de\/index.php\/2018\/12\/21\/los-angeles-2-tag-des-weltbilds\/#breadcrumb\"},\"inLanguage\":\"de\",\"potentialAction\":[{\"@type\":\"ReadAction\",\"target\":[\"https:\/\/7aufweltreise.de\/index.php\/2018\/12\/21\/los-angeles-2-tag-des-weltbilds\/\"]}]},{\"@type\":\"BreadcrumbList\",\"@id\":\"https:\/\/7aufweltreise.de\/index.php\/2018\/12\/21\/los-angeles-2-tag-des-weltbilds\/#breadcrumb\",\"itemListElement\":[{\"@type\":\"ListItem\",\"position\":1,\"name\":\"Startseite\",\"item\":\"https:\/\/7aufweltreise.de\/\"},{\"@type\":\"ListItem\",\"position\":2,\"name\":\"Los Angeles #2 &#8211; Tag des Weltbilds\"}]},{\"@type\":\"WebSite\",\"@id\":\"https:\/\/7aufweltreise.de\/#website\",\"url\":\"https:\/\/7aufweltreise.de\/\",\"name\":\"7 auf Weltreise\",\"description\":\"Willkommen auf unserem Weltreise-Blog. Sieben Menschen, eine Reise, zur\u00fcck zum Familiengl\u00fcck. Die Geschichte unserer Auszeit in der Welt. \",\"potentialAction\":[{\"@type\":\"SearchAction\",\"target\":{\"@type\":\"EntryPoint\",\"urlTemplate\":\"https:\/\/7aufweltreise.de\/?s={search_term_string}\"},\"query-input\":\"required name=search_term_string\"}],\"inLanguage\":\"de\"},{\"@type\":\"Person\",\"@id\":\"https:\/\/7aufweltreise.de\/#\/schema\/person\/612b2e6e2b658c3d53fb3a7f2e5fad07\",\"name\":\"Franzi\",\"image\":{\"@type\":\"ImageObject\",\"inLanguage\":\"de\",\"@id\":\"https:\/\/7aufweltreise.de\/#\/schema\/person\/image\/\",\"url\":\"https:\/\/secure.gravatar.com\/avatar\/865fa7a97b78f70dce81114d92cf7431?s=96&d=blank&r=g\",\"contentUrl\":\"https:\/\/secure.gravatar.com\/avatar\/865fa7a97b78f70dce81114d92cf7431?s=96&d=blank&r=g\",\"caption\":\"Franzi\"},\"url\":\"https:\/\/7aufweltreise.de\/index.php\/author\/fvo\/\"}]}<\/script>\n<!-- \/ Yoast SEO plugin. -->","yoast_head_json":{"title":"Los Angeles #2 - Tag des Weltbilds - 7 auf Weltreise","robots":{"index":"index","follow":"follow","max-snippet":"max-snippet:-1","max-image-preview":"max-image-preview:large","max-video-preview":"max-video-preview:-1"},"canonical":"https:\/\/7aufweltreise.de\/index.php\/2018\/12\/21\/los-angeles-2-tag-des-weltbilds\/","og_locale":"de_DE","og_type":"article","og_title":"Los Angeles #2 - Tag des Weltbilds - 7 auf Weltreise","og_description":"Manche Tage beginnen schon verkorkst, weil irgendeiner mit dem falschen Bein aus dem Schlafsack gestiegen ist und gehen dann grad so weiter. So einen hatten wir neulich. Er startete damit, dass Livius und ich dar\u00fcber philosophierten, was denn nun das","og_url":"https:\/\/7aufweltreise.de\/index.php\/2018\/12\/21\/los-angeles-2-tag-des-weltbilds\/","og_site_name":"7 auf Weltreise","article_publisher":"https:\/\/www.facebook.com\/7aufweltreise.de\/","article_published_time":"2018-12-21T19:24:50+00:00","article_modified_time":"2019-06-10T02:08:36+00:00","og_image":[{"width":3024,"height":4032,"url":"https:\/\/7aufweltreise.de\/wp-content\/uploads\/2018\/12\/img_2233-e1545291377512.jpg","type":"image\/jpeg"}],"author":"Franzi","twitter_card":"summary_large_image","twitter_misc":{"Verfasst von":"Franzi","Gesch\u00e4tzte Lesezeit":"3\u00a0Minuten"},"schema":{"@context":"https:\/\/schema.org","@graph":[{"@type":"WebPage","@id":"https:\/\/7aufweltreise.de\/index.php\/2018\/12\/21\/los-angeles-2-tag-des-weltbilds\/","url":"https:\/\/7aufweltreise.de\/index.php\/2018\/12\/21\/los-angeles-2-tag-des-weltbilds\/","name":"Los Angeles #2 - Tag des Weltbilds - 7 auf Weltreise","isPartOf":{"@id":"https:\/\/7aufweltreise.de\/#website"},"datePublished":"2018-12-21T19:24:50+00:00","dateModified":"2019-06-10T02:08:36+00:00","author":{"@id":"https:\/\/7aufweltreise.de\/#\/schema\/person\/612b2e6e2b658c3d53fb3a7f2e5fad07"},"breadcrumb":{"@id":"https:\/\/7aufweltreise.de\/index.php\/2018\/12\/21\/los-angeles-2-tag-des-weltbilds\/#breadcrumb"},"inLanguage":"de","potentialAction":[{"@type":"ReadAction","target":["https:\/\/7aufweltreise.de\/index.php\/2018\/12\/21\/los-angeles-2-tag-des-weltbilds\/"]}]},{"@type":"BreadcrumbList","@id":"https:\/\/7aufweltreise.de\/index.php\/2018\/12\/21\/los-angeles-2-tag-des-weltbilds\/#breadcrumb","itemListElement":[{"@type":"ListItem","position":1,"name":"Startseite","item":"https:\/\/7aufweltreise.de\/"},{"@type":"ListItem","position":2,"name":"Los Angeles #2 &#8211; Tag des Weltbilds"}]},{"@type":"WebSite","@id":"https:\/\/7aufweltreise.de\/#website","url":"https:\/\/7aufweltreise.de\/","name":"7 auf Weltreise","description":"Willkommen auf unserem Weltreise-Blog. Sieben Menschen, eine Reise, zur\u00fcck zum Familiengl\u00fcck. Die Geschichte unserer Auszeit in der Welt. ","potentialAction":[{"@type":"SearchAction","target":{"@type":"EntryPoint","urlTemplate":"https:\/\/7aufweltreise.de\/?s={search_term_string}"},"query-input":"required name=search_term_string"}],"inLanguage":"de"},{"@type":"Person","@id":"https:\/\/7aufweltreise.de\/#\/schema\/person\/612b2e6e2b658c3d53fb3a7f2e5fad07","name":"Franzi","image":{"@type":"ImageObject","inLanguage":"de","@id":"https:\/\/7aufweltreise.de\/#\/schema\/person\/image\/","url":"https:\/\/secure.gravatar.com\/avatar\/865fa7a97b78f70dce81114d92cf7431?s=96&d=blank&r=g","contentUrl":"https:\/\/secure.gravatar.com\/avatar\/865fa7a97b78f70dce81114d92cf7431?s=96&d=blank&r=g","caption":"Franzi"},"url":"https:\/\/7aufweltreise.de\/index.php\/author\/fvo\/"}]}},"_links":{"self":[{"href":"https:\/\/7aufweltreise.de\/index.php\/wp-json\/wp\/v2\/posts\/1944"}],"collection":[{"href":"https:\/\/7aufweltreise.de\/index.php\/wp-json\/wp\/v2\/posts"}],"about":[{"href":"https:\/\/7aufweltreise.de\/index.php\/wp-json\/wp\/v2\/types\/post"}],"author":[{"embeddable":true,"href":"https:\/\/7aufweltreise.de\/index.php\/wp-json\/wp\/v2\/users\/2"}],"replies":[{"embeddable":true,"href":"https:\/\/7aufweltreise.de\/index.php\/wp-json\/wp\/v2\/comments?post=1944"}],"version-history":[{"count":10,"href":"https:\/\/7aufweltreise.de\/index.php\/wp-json\/wp\/v2\/posts\/1944\/revisions"}],"predecessor-version":[{"id":2014,"href":"https:\/\/7aufweltreise.de\/index.php\/wp-json\/wp\/v2\/posts\/1944\/revisions\/2014"}],"wp:featuredmedia":[{"embeddable":true,"href":"https:\/\/7aufweltreise.de\/index.php\/wp-json\/wp\/v2\/media\/1988"}],"wp:attachment":[{"href":"https:\/\/7aufweltreise.de\/index.php\/wp-json\/wp\/v2\/media?parent=1944"}],"wp:term":[{"taxonomy":"category","embeddable":true,"href":"https:\/\/7aufweltreise.de\/index.php\/wp-json\/wp\/v2\/categories?post=1944"},{"taxonomy":"post_tag","embeddable":true,"href":"https:\/\/7aufweltreise.de\/index.php\/wp-json\/wp\/v2\/tags?post=1944"}],"curies":[{"name":"wp","href":"https:\/\/api.w.org\/{rel}","templated":true}]}}