{"id":2482,"date":"2019-02-28T17:36:27","date_gmt":"2019-02-28T15:36:27","guid":{"rendered":"https:\/\/7aufweltreise.de\/?p=2482"},"modified":"2019-06-10T03:54:57","modified_gmt":"2019-06-10T01:54:57","slug":"eine-nicht-jugendfreie-faehrfahrt","status":"publish","type":"post","link":"https:\/\/7aufweltreise.de\/index.php\/2019\/02\/28\/eine-nicht-jugendfreie-faehrfahrt\/","title":{"rendered":"Eine nicht jugendfreie F\u00e4hrfahrt"},"content":{"rendered":"<p>Mit gewaschener W\u00e4sche, gef\u00fcllten Wasserkanistern und Vorratsschr\u00e4nken wollten wir uns nun, nach tats\u00e4chlich schon knapp zwei Monaten auf der Baja, auf den Weg zum mexikanischen Festland machen. Das Gef\u00fchlschaos (in mir) hatte sich etwas gelegt und mein Vertrauen in mich und in unsere gemeinsame L\u00f6sungsfindungskompetenz am anderen Ende der Welt war wieder gest\u00e4rkt.<br \/>\nSo loteten wir also die Optionen f\u00fcr unseren weiteren Weg aus.<\/p>\n<p>Die \u00dcberfahrt mit der F\u00e4hre von La Paz nach Mazatl\u00e1n w\u00fcrde \u00fcber Nacht sein und wir hofften auf Schlafm\u00f6glichkeiten au\u00dferhalb unseres Autos, buchten aber vorsichtshalber bei der F\u00e4hrgesellschaft, die es uns erm\u00f6glicht, auch w\u00e4hrend der Fahrt ins Auto zu gehen.<\/p>\n<p>Immerhin hatte ich ja schon vor vielen Jahren bei einer \u00dcberfahrt nach Korsika und einer nach England umfassend \ud83d\ude09 Erfahrung gesammelt und konnte mich erinnern, dass es auf dem Schiff viele Sitzm\u00f6glichkeiten in Form von Sofas gab, die zumindest ein gem\u00fctliches Ruhen m\u00f6glich machten. So hofften wir, w\u00fcrde es auch diesmal sein&#8230;<\/p>\n<p><img decoding=\"async\" loading=\"lazy\" class=\"alignnone wp-image-2509 size-medium\" src=\"https:\/\/7aufweltreise.de\/wp-content\/uploads\/2019\/02\/img_3108-e1551302322301-300x400.jpg\" alt=\"\" width=\"300\" height=\"400\" srcset=\"https:\/\/7aufweltreise.de\/wp-content\/uploads\/2019\/02\/img_3108-e1551302322301-300x400.jpg 300w, https:\/\/7aufweltreise.de\/wp-content\/uploads\/2019\/02\/img_3108-e1551302322301-768x1024.jpg 768w, https:\/\/7aufweltreise.de\/wp-content\/uploads\/2019\/02\/img_3108-e1551302322301-1152x1536.jpg 1152w\" sizes=\"(max-width: 300px) 100vw, 300px\" \/><img decoding=\"async\" loading=\"lazy\" class=\"alignnone wp-image-2512 size-medium\" src=\"https:\/\/7aufweltreise.de\/wp-content\/uploads\/2019\/02\/img_3109-400x300.jpg\" alt=\"\" width=\"400\" height=\"300\" srcset=\"https:\/\/7aufweltreise.de\/wp-content\/uploads\/2019\/02\/img_3109-400x300.jpg 400w, https:\/\/7aufweltreise.de\/wp-content\/uploads\/2019\/02\/img_3109-768x576.jpg 768w, https:\/\/7aufweltreise.de\/wp-content\/uploads\/2019\/02\/img_3109-1536x1152.jpg 1536w\" sizes=\"(max-width: 400px) 100vw, 400px\" \/><\/p>\n<p><img decoding=\"async\" loading=\"lazy\" class=\"size-medium\" src=\"https:\/\/7aufweltreise.de\/wp-content\/uploads\/2019\/02\/DSC_6421.jpg\" width=\"270\" height=\"179\" \/><\/p>\n<p><img decoding=\"async\" loading=\"lazy\" class=\"size-medium\" src=\"https:\/\/7aufweltreise.de\/wp-content\/uploads\/2019\/02\/DSC_6423.jpg\" width=\"270\" height=\"179\" \/><\/p>\n<p>Zugegebenerma\u00dfen unterschied sich aber das Ist vom Soll, oder zumindest vom K\u00f6nnte. Leider!<\/p>\n<p>Die Gemeinschaft der \u00dcberfahrer bestand aus zwei Gruppen, eigentlich drei: viele Truckfahrer, ein paar erwachsene Touristen und f\u00fcnf Kinder. Die Frauenquote entsprach in etwa der eines deutschen Gro\u00dfkonzerns &#8211; deutlich unterrepr\u00e4sentiert. Im Vergleich dazu war die Kinderquote vermutlich \u00fcberdurchschnittlich. Wenigstens das. Nur durch uns! Der Frauenquote half das allerdings nicht.<\/p>\n<p>Wir inspizierten also zun\u00e4chst die R\u00e4umlichkeiten und fanden einen Speiseraum mit zwei Tischen, an denen ca. 16 Menschen Platz fanden und einer Fernsehecke, und au\u00dferdem zwei Aufenthaltsr\u00e4ume mit ausrangierten Flugzeugsitzen und einem, zum Zeitpunkt unserer Inspektion ausgeschalteten, Fernseher. Hier lie\u00dfen wir uns erstmal nieder. Es war bereits nach 17 Uhr und eigentlich sollte das Schiff schon abgelegt haben. Aber, das dauerte noch eine ganz Weile. Zum Gl\u00fcck waren wir durch Informationen von anderen darauf vorbereitet, dass die F\u00e4hre im Normalfall erst gegen 19 Uhr ablegt und wurden nicht nerv\u00f6s. So kam es, dass wir das Abendessen unserer Kreuz&#8230; \u00e4h F\u00e4hrfahrt bereits im Hafen zu uns nahmen: Gulasch mit Zucchini, Nudeln und Bohnenmus und dazu Tortillas. Typisch mexikanisch und eigentlich ganz lecker. Anschlie\u00dfend spielten die Jungs Rummykub und bauten ihre Computerspielstadt bei Designer City weiter. Bis, ja bis der Fernseher angeschaltet wurde. Zun\u00e4chst schafften wir es entspannt zu bleiben und versuchten, die Jungs vom Anstarren des Bildschirms bei der gro\u00dfformatigen Aufnahme paarungsw\u00fctiger Homo sapiens, abzuhalten. Nachdem sich aber herausstellte, dass der Film vor allem aus ebendiesen Szenen bestand und sich noch immer Mitreisende im Raum befanden, die das interessiert verfolgten, floh ich mit den Kindern ins Auto. Wir bauten Stuhlbetten in der L\u00fccke neben dem Auto, befreiten die Autositze von den Kindersitzen und versuchten anschlie\u00dfend mit einem oder mancher auch mit beiden Augen etwas Schlaf zu bekommen. Marko klemmte sich sp\u00e4ter auf den Fahrersitz und fand wahrscheinlich den wenigsten Schlaf. Ich schaffte es zumindest, Bennett immer mal wieder von meinem Scho\u00df auf seinen Sitz umzubetten.<\/p>\n<p><img decoding=\"async\" loading=\"lazy\" class=\"size-medium wp-image-2510\" src=\"https:\/\/7aufweltreise.de\/wp-content\/uploads\/2019\/02\/img_3111.jpg\" width=\"4032\" height=\"3024\" srcset=\"https:\/\/7aufweltreise.de\/wp-content\/uploads\/2019\/02\/img_3111.jpg 4032w, https:\/\/7aufweltreise.de\/wp-content\/uploads\/2019\/02\/img_3111-400x300.jpg 400w, https:\/\/7aufweltreise.de\/wp-content\/uploads\/2019\/02\/img_3111-768x576.jpg 768w, https:\/\/7aufweltreise.de\/wp-content\/uploads\/2019\/02\/img_3111-1536x1152.jpg 1536w\" sizes=\"(max-width: 4032px) 100vw, 4032px\" \/><img decoding=\"async\" loading=\"lazy\" class=\"size-medium wp-image-2511\" src=\"https:\/\/7aufweltreise.de\/wp-content\/uploads\/2019\/02\/img_3113.jpg\" width=\"4032\" height=\"3024\" srcset=\"https:\/\/7aufweltreise.de\/wp-content\/uploads\/2019\/02\/img_3113.jpg 4032w, https:\/\/7aufweltreise.de\/wp-content\/uploads\/2019\/02\/img_3113-400x300.jpg 400w, https:\/\/7aufweltreise.de\/wp-content\/uploads\/2019\/02\/img_3113-768x576.jpg 768w, https:\/\/7aufweltreise.de\/wp-content\/uploads\/2019\/02\/img_3113-1536x1152.jpg 1536w\" sizes=\"(max-width: 4032px) 100vw, 4032px\" \/><a href=\"https:\/\/7aufweltreise.de\/index.php\/2019\/02\/28\/eine-nicht-jugendfreie-faehrfahrt\/img_3116-jpg\/\" rel=\"attachment wp-att-2513\"><img decoding=\"async\" loading=\"lazy\" class=\"alignnone size-medium wp-image-2513\" src=\"https:\/\/7aufweltreise.de\/wp-content\/uploads\/2019\/02\/img_3116-e1551302553712-300x400.jpg\" alt=\"\" width=\"300\" height=\"400\" srcset=\"https:\/\/7aufweltreise.de\/wp-content\/uploads\/2019\/02\/img_3116-e1551302553712-300x400.jpg 300w, https:\/\/7aufweltreise.de\/wp-content\/uploads\/2019\/02\/img_3116-e1551302553712-768x1024.jpg 768w, https:\/\/7aufweltreise.de\/wp-content\/uploads\/2019\/02\/img_3116-e1551302553712-1152x1536.jpg 1152w\" sizes=\"(max-width: 300px) 100vw, 300px\" \/><\/a><img decoding=\"async\" loading=\"lazy\" class=\"size-medium wp-image-2514\" src=\"https:\/\/7aufweltreise.de\/wp-content\/uploads\/2019\/02\/img_3119.jpg\" width=\"4032\" height=\"3024\" srcset=\"https:\/\/7aufweltreise.de\/wp-content\/uploads\/2019\/02\/img_3119.jpg 4032w, https:\/\/7aufweltreise.de\/wp-content\/uploads\/2019\/02\/img_3119-400x300.jpg 400w, https:\/\/7aufweltreise.de\/wp-content\/uploads\/2019\/02\/img_3119-768x576.jpg 768w, https:\/\/7aufweltreise.de\/wp-content\/uploads\/2019\/02\/img_3119-1536x1152.jpg 1536w\" sizes=\"(max-width: 4032px) 100vw, 4032px\" \/><br \/>\nAber, ich gebe zu, dass ich froh war, als der Morgen graute und wir gegen sieben fr\u00fchst\u00fccken gehen konnten. Das Essen \u00e4hnelte dem Abendessen, mit leicht abgewandelten Komponenten. Zur &#8222;Unterhaltung&#8220; der G\u00e4ste lief im Fernsehen &#8222;Jeder stirbt f\u00fcr sich allein&#8220; auf spanisch und ein leichtes Unbehagen stieg in mir auf. Ich vermute, es hatte niemand das Fernsehprogramm studiert und obwohl alle hinstarrten, hat keiner wirklich aufmerksam verfolgt, worum es ging. Jedenfalls schenke uns in diesem Zusammenhang keiner Aufmerksamkeit.<\/p>\n<p>Gegen neun kamen wir dann in Mazatl\u00e1n auf dem Festland an&#8230;<\/p>\n<p><img decoding=\"async\" class=\"size-full\" src=\"https:\/\/7aufweltreise.de\/wp-content\/uploads\/2019\/02\/DSC_6435.jpg\" \/><\/p>\n","protected":false},"excerpt":{"rendered":"<p>Mit gewaschener W\u00e4sche, gef\u00fcllten Wasserkanistern und Vorratsschr\u00e4nken wollten wir uns nun, nach tats\u00e4chlich schon knapp zwei Monaten auf der Baja, auf den Weg zum mexikanischen Festland machen. Das Gef\u00fchlschaos (in mir) hatte sich etwas gelegt und mein Vertrauen in mich<\/p>\n","protected":false},"author":2,"featured_media":2493,"comment_status":"open","ping_status":"open","sticky":false,"template":"","format":"standard","meta":[],"categories":[1],"tags":[9],"yoast_head":"<!-- This site is optimized with the Yoast SEO plugin v20.13 - https:\/\/yoast.com\/wordpress\/plugins\/seo\/ -->\n<title>Eine nicht jugendfreie F\u00e4hrfahrt - 7 auf Weltreise<\/title>\n<meta name=\"robots\" content=\"index, follow, max-snippet:-1, max-image-preview:large, max-video-preview:-1\" \/>\n<link rel=\"canonical\" href=\"https:\/\/7aufweltreise.de\/index.php\/2019\/02\/28\/eine-nicht-jugendfreie-faehrfahrt\/\" \/>\n<meta property=\"og:locale\" content=\"de_DE\" \/>\n<meta property=\"og:type\" content=\"article\" \/>\n<meta property=\"og:title\" content=\"Eine nicht jugendfreie F\u00e4hrfahrt - 7 auf Weltreise\" \/>\n<meta property=\"og:description\" content=\"Mit gewaschener W\u00e4sche, gef\u00fcllten Wasserkanistern und Vorratsschr\u00e4nken wollten wir uns nun, nach tats\u00e4chlich schon knapp zwei Monaten auf der Baja, auf den Weg zum mexikanischen Festland machen. Das Gef\u00fchlschaos (in mir) hatte sich etwas gelegt und mein Vertrauen in mich\" \/>\n<meta property=\"og:url\" content=\"https:\/\/7aufweltreise.de\/index.php\/2019\/02\/28\/eine-nicht-jugendfreie-faehrfahrt\/\" \/>\n<meta property=\"og:site_name\" content=\"7 auf Weltreise\" \/>\n<meta property=\"article:publisher\" content=\"https:\/\/www.facebook.com\/7aufweltreise.de\/\" \/>\n<meta property=\"article:published_time\" content=\"2019-02-28T15:36:27+00:00\" \/>\n<meta property=\"article:modified_time\" content=\"2019-06-10T01:54:57+00:00\" \/>\n<meta property=\"og:image\" content=\"https:\/\/7aufweltreise.de\/wp-content\/uploads\/2019\/02\/DSC_6423-1536x1020.jpg\" \/>\n\t<meta property=\"og:image:width\" content=\"1536\" \/>\n\t<meta property=\"og:image:height\" content=\"1020\" \/>\n\t<meta property=\"og:image:type\" content=\"image\/jpeg\" \/>\n<meta name=\"author\" content=\"Franzi\" \/>\n<meta name=\"twitter:card\" content=\"summary_large_image\" \/>\n<meta name=\"twitter:label1\" content=\"Verfasst von\" \/>\n\t<meta name=\"twitter:data1\" content=\"Franzi\" \/>\n\t<meta name=\"twitter:label2\" content=\"Gesch\u00e4tzte Lesezeit\" \/>\n\t<meta name=\"twitter:data2\" content=\"3\u00a0Minuten\" \/>\n<script type=\"application\/ld+json\" class=\"yoast-schema-graph\">{\"@context\":\"https:\/\/schema.org\",\"@graph\":[{\"@type\":\"WebPage\",\"@id\":\"https:\/\/7aufweltreise.de\/index.php\/2019\/02\/28\/eine-nicht-jugendfreie-faehrfahrt\/\",\"url\":\"https:\/\/7aufweltreise.de\/index.php\/2019\/02\/28\/eine-nicht-jugendfreie-faehrfahrt\/\",\"name\":\"Eine nicht jugendfreie F\u00e4hrfahrt - 7 auf Weltreise\",\"isPartOf\":{\"@id\":\"https:\/\/7aufweltreise.de\/#website\"},\"datePublished\":\"2019-02-28T15:36:27+00:00\",\"dateModified\":\"2019-06-10T01:54:57+00:00\",\"author\":{\"@id\":\"https:\/\/7aufweltreise.de\/#\/schema\/person\/612b2e6e2b658c3d53fb3a7f2e5fad07\"},\"breadcrumb\":{\"@id\":\"https:\/\/7aufweltreise.de\/index.php\/2019\/02\/28\/eine-nicht-jugendfreie-faehrfahrt\/#breadcrumb\"},\"inLanguage\":\"de\",\"potentialAction\":[{\"@type\":\"ReadAction\",\"target\":[\"https:\/\/7aufweltreise.de\/index.php\/2019\/02\/28\/eine-nicht-jugendfreie-faehrfahrt\/\"]}]},{\"@type\":\"BreadcrumbList\",\"@id\":\"https:\/\/7aufweltreise.de\/index.php\/2019\/02\/28\/eine-nicht-jugendfreie-faehrfahrt\/#breadcrumb\",\"itemListElement\":[{\"@type\":\"ListItem\",\"position\":1,\"name\":\"Startseite\",\"item\":\"https:\/\/7aufweltreise.de\/\"},{\"@type\":\"ListItem\",\"position\":2,\"name\":\"Eine nicht jugendfreie F\u00e4hrfahrt\"}]},{\"@type\":\"WebSite\",\"@id\":\"https:\/\/7aufweltreise.de\/#website\",\"url\":\"https:\/\/7aufweltreise.de\/\",\"name\":\"7 auf Weltreise\",\"description\":\"Willkommen auf unserem Weltreise-Blog. Sieben Menschen, eine Reise, zur\u00fcck zum Familiengl\u00fcck. Die Geschichte unserer Auszeit in der Welt. \",\"potentialAction\":[{\"@type\":\"SearchAction\",\"target\":{\"@type\":\"EntryPoint\",\"urlTemplate\":\"https:\/\/7aufweltreise.de\/?s={search_term_string}\"},\"query-input\":\"required name=search_term_string\"}],\"inLanguage\":\"de\"},{\"@type\":\"Person\",\"@id\":\"https:\/\/7aufweltreise.de\/#\/schema\/person\/612b2e6e2b658c3d53fb3a7f2e5fad07\",\"name\":\"Franzi\",\"image\":{\"@type\":\"ImageObject\",\"inLanguage\":\"de\",\"@id\":\"https:\/\/7aufweltreise.de\/#\/schema\/person\/image\/\",\"url\":\"https:\/\/secure.gravatar.com\/avatar\/865fa7a97b78f70dce81114d92cf7431?s=96&d=blank&r=g\",\"contentUrl\":\"https:\/\/secure.gravatar.com\/avatar\/865fa7a97b78f70dce81114d92cf7431?s=96&d=blank&r=g\",\"caption\":\"Franzi\"},\"url\":\"https:\/\/7aufweltreise.de\/index.php\/author\/fvo\/\"}]}<\/script>\n<!-- \/ Yoast SEO plugin. -->","yoast_head_json":{"title":"Eine nicht jugendfreie F\u00e4hrfahrt - 7 auf Weltreise","robots":{"index":"index","follow":"follow","max-snippet":"max-snippet:-1","max-image-preview":"max-image-preview:large","max-video-preview":"max-video-preview:-1"},"canonical":"https:\/\/7aufweltreise.de\/index.php\/2019\/02\/28\/eine-nicht-jugendfreie-faehrfahrt\/","og_locale":"de_DE","og_type":"article","og_title":"Eine nicht jugendfreie F\u00e4hrfahrt - 7 auf Weltreise","og_description":"Mit gewaschener W\u00e4sche, gef\u00fcllten Wasserkanistern und Vorratsschr\u00e4nken wollten wir uns nun, nach tats\u00e4chlich schon knapp zwei Monaten auf der Baja, auf den Weg zum mexikanischen Festland machen. Das Gef\u00fchlschaos (in mir) hatte sich etwas gelegt und mein Vertrauen in mich","og_url":"https:\/\/7aufweltreise.de\/index.php\/2019\/02\/28\/eine-nicht-jugendfreie-faehrfahrt\/","og_site_name":"7 auf Weltreise","article_publisher":"https:\/\/www.facebook.com\/7aufweltreise.de\/","article_published_time":"2019-02-28T15:36:27+00:00","article_modified_time":"2019-06-10T01:54:57+00:00","og_image":[{"width":1536,"height":1020,"url":"https:\/\/7aufweltreise.de\/wp-content\/uploads\/2019\/02\/DSC_6423-1536x1020.jpg","type":"image\/jpeg"}],"author":"Franzi","twitter_card":"summary_large_image","twitter_misc":{"Verfasst von":"Franzi","Gesch\u00e4tzte Lesezeit":"3\u00a0Minuten"},"schema":{"@context":"https:\/\/schema.org","@graph":[{"@type":"WebPage","@id":"https:\/\/7aufweltreise.de\/index.php\/2019\/02\/28\/eine-nicht-jugendfreie-faehrfahrt\/","url":"https:\/\/7aufweltreise.de\/index.php\/2019\/02\/28\/eine-nicht-jugendfreie-faehrfahrt\/","name":"Eine nicht jugendfreie F\u00e4hrfahrt - 7 auf Weltreise","isPartOf":{"@id":"https:\/\/7aufweltreise.de\/#website"},"datePublished":"2019-02-28T15:36:27+00:00","dateModified":"2019-06-10T01:54:57+00:00","author":{"@id":"https:\/\/7aufweltreise.de\/#\/schema\/person\/612b2e6e2b658c3d53fb3a7f2e5fad07"},"breadcrumb":{"@id":"https:\/\/7aufweltreise.de\/index.php\/2019\/02\/28\/eine-nicht-jugendfreie-faehrfahrt\/#breadcrumb"},"inLanguage":"de","potentialAction":[{"@type":"ReadAction","target":["https:\/\/7aufweltreise.de\/index.php\/2019\/02\/28\/eine-nicht-jugendfreie-faehrfahrt\/"]}]},{"@type":"BreadcrumbList","@id":"https:\/\/7aufweltreise.de\/index.php\/2019\/02\/28\/eine-nicht-jugendfreie-faehrfahrt\/#breadcrumb","itemListElement":[{"@type":"ListItem","position":1,"name":"Startseite","item":"https:\/\/7aufweltreise.de\/"},{"@type":"ListItem","position":2,"name":"Eine nicht jugendfreie F\u00e4hrfahrt"}]},{"@type":"WebSite","@id":"https:\/\/7aufweltreise.de\/#website","url":"https:\/\/7aufweltreise.de\/","name":"7 auf Weltreise","description":"Willkommen auf unserem Weltreise-Blog. Sieben Menschen, eine Reise, zur\u00fcck zum Familiengl\u00fcck. Die Geschichte unserer Auszeit in der Welt. ","potentialAction":[{"@type":"SearchAction","target":{"@type":"EntryPoint","urlTemplate":"https:\/\/7aufweltreise.de\/?s={search_term_string}"},"query-input":"required name=search_term_string"}],"inLanguage":"de"},{"@type":"Person","@id":"https:\/\/7aufweltreise.de\/#\/schema\/person\/612b2e6e2b658c3d53fb3a7f2e5fad07","name":"Franzi","image":{"@type":"ImageObject","inLanguage":"de","@id":"https:\/\/7aufweltreise.de\/#\/schema\/person\/image\/","url":"https:\/\/secure.gravatar.com\/avatar\/865fa7a97b78f70dce81114d92cf7431?s=96&d=blank&r=g","contentUrl":"https:\/\/secure.gravatar.com\/avatar\/865fa7a97b78f70dce81114d92cf7431?s=96&d=blank&r=g","caption":"Franzi"},"url":"https:\/\/7aufweltreise.de\/index.php\/author\/fvo\/"}]}},"_links":{"self":[{"href":"https:\/\/7aufweltreise.de\/index.php\/wp-json\/wp\/v2\/posts\/2482"}],"collection":[{"href":"https:\/\/7aufweltreise.de\/index.php\/wp-json\/wp\/v2\/posts"}],"about":[{"href":"https:\/\/7aufweltreise.de\/index.php\/wp-json\/wp\/v2\/types\/post"}],"author":[{"embeddable":true,"href":"https:\/\/7aufweltreise.de\/index.php\/wp-json\/wp\/v2\/users\/2"}],"replies":[{"embeddable":true,"href":"https:\/\/7aufweltreise.de\/index.php\/wp-json\/wp\/v2\/comments?post=2482"}],"version-history":[{"count":5,"href":"https:\/\/7aufweltreise.de\/index.php\/wp-json\/wp\/v2\/posts\/2482\/revisions"}],"predecessor-version":[{"id":3259,"href":"https:\/\/7aufweltreise.de\/index.php\/wp-json\/wp\/v2\/posts\/2482\/revisions\/3259"}],"wp:featuredmedia":[{"embeddable":true,"href":"https:\/\/7aufweltreise.de\/index.php\/wp-json\/wp\/v2\/media\/2493"}],"wp:attachment":[{"href":"https:\/\/7aufweltreise.de\/index.php\/wp-json\/wp\/v2\/media?parent=2482"}],"wp:term":[{"taxonomy":"category","embeddable":true,"href":"https:\/\/7aufweltreise.de\/index.php\/wp-json\/wp\/v2\/categories?post=2482"},{"taxonomy":"post_tag","embeddable":true,"href":"https:\/\/7aufweltreise.de\/index.php\/wp-json\/wp\/v2\/tags?post=2482"}],"curies":[{"name":"wp","href":"https:\/\/api.w.org\/{rel}","templated":true}]}}